{"id":4757,"date":"2023-01-05T14:35:26","date_gmt":"2023-01-05T22:35:26","guid":{"rendered":"https:\/\/sfs-tools.ca\/?p=4757"},"modified":"2023-08-21T15:17:08","modified_gmt":"2023-08-21T22:17:08","slug":"langage-inclusif","status":"publish","type":"post","link":"https:\/\/sfs-tools.ca\/fr\/digital-resource-library\/langage-inclusif\/","title":{"rendered":"Langage respectueux et inclusif"},"content":{"rendered":"<p class=\"p1\"><b>Le langage respectueux et inclusive <\/b>correspond aux mots et aux phrases qui n\u2019entretiennent aucun pr\u00e9jug\u00e9 et qui \u00e9vitent l\u2019argot et les expressions discriminantes \u00e0 l\u2019endroit d\u2019un groupe particulier de personnes. L\u2019usage d\u2019un discours inclusif dans la salle de classe contribue \u00e0 cr\u00e9er un sentiment d\u2019autonomisation, d\u2019appartenance identitaire et de fiert\u00e9.<\/p>\n<p class=\"p1\"><b>Ressource en fran\u00e7ais<\/b><\/p>\n<p class=\"p1\"><b>Ressources en anglais<\/b><\/p>\n<ul>\n<li>Engagement, G. C. and P. (2021, August 5). <i>Inclusive language and terms<\/i>. Province of British Columbia.&nbsp; <a href=\"https:\/\/www2.gov.bc.ca\/gov\/content\/home\/accessible-government\/toolkit\/audience-diversity\/inclusive-language-and-terms\" target=\"_blank\" rel=\"noopener\">https:\/\/www2.gov.bc.ca\/gov\/content\/home\/accessible-government\/toolkit\/audience-diversity\/inclusive-language-and-terms&nbsp;<\/a><\/li>\n<li><i>Words matter &#8211; guidelines on using inclusive language in the workplace <\/i>. Government of British Columbia. (n.d.).&nbsp; <a href=\"https:\/\/www2.gov.bc.ca\/assets\/gov\/careers\/all-employees\/working-with-others\/words-matter.pdf\" target=\"_blank\" rel=\"noopener\">https:\/\/www2.gov.bc.ca\/assets\/gov\/careers\/all-employees\/working-with-others\/words-matter.pdf<\/a><\/li>\n<li><i>Inclusive Language Guide<\/i>. Faculty of Education, University of British Columbia. (2022, June 23). <a href=\"https:\/\/med-fom-fac-dev-sandbox.sites.olt.ubc.ca\/files\/2021\/05\/2021-05-19_Inclusive-Language-Guide.pdf\" target=\"_blank\" rel=\"noopener\">https:\/\/med-fom-fac-dev-sandbox.sites.olt.ubc.ca\/files\/2021\/05\/2021-05-19_Inclusive-Language-Guide.pdf<\/a><\/li>\n<\/ul>","protected":false},"excerpt":{"rendered":"<p>Le langage respectueux et inclusive correspond aux mots et aux phrases qui n\u2019entretiennent aucun pr\u00e9jug\u00e9 et qui \u00e9vitent l\u2019argot et les expressions discriminantes \u00e0 l\u2019endroit d\u2019un groupe particulier de personnes. L\u2019usage d\u2019un discours inclusif dans la salle de classe contribue \u00e0 cr\u00e9er un sentiment d\u2019autonomisation, d\u2019appartenance identitaire et de fiert\u00e9.<\/p>","protected":false},"author":1,"featured_media":0,"comment_status":"closed","ping_status":"open","sticky":false,"template":"","format":"standard","meta":{"footnotes":""},"categories":[26,9],"tags":[77],"class_list":["post-4757","post","type-post","status-publish","format-standard","hentry","category-communication","category-diversity-and-inclusion","tag-del-1-2"],"_links":{"self":[{"href":"https:\/\/sfs-tools.ca\/fr\/wp-json\/wp\/v2\/posts\/4757","targetHints":{"allow":["GET"]}}],"collection":[{"href":"https:\/\/sfs-tools.ca\/fr\/wp-json\/wp\/v2\/posts"}],"about":[{"href":"https:\/\/sfs-tools.ca\/fr\/wp-json\/wp\/v2\/types\/post"}],"author":[{"embeddable":true,"href":"https:\/\/sfs-tools.ca\/fr\/wp-json\/wp\/v2\/users\/1"}],"replies":[{"embeddable":true,"href":"https:\/\/sfs-tools.ca\/fr\/wp-json\/wp\/v2\/comments?post=4757"}],"version-history":[{"count":3,"href":"https:\/\/sfs-tools.ca\/fr\/wp-json\/wp\/v2\/posts\/4757\/revisions"}],"predecessor-version":[{"id":5287,"href":"https:\/\/sfs-tools.ca\/fr\/wp-json\/wp\/v2\/posts\/4757\/revisions\/5287"}],"wp:attachment":[{"href":"https:\/\/sfs-tools.ca\/fr\/wp-json\/wp\/v2\/media?parent=4757"}],"wp:term":[{"taxonomy":"category","embeddable":true,"href":"https:\/\/sfs-tools.ca\/fr\/wp-json\/wp\/v2\/categories?post=4757"},{"taxonomy":"post_tag","embeddable":true,"href":"https:\/\/sfs-tools.ca\/fr\/wp-json\/wp\/v2\/tags?post=4757"}],"curies":[{"name":"wp","href":"https:\/\/api.w.org\/{rel}","templated":true}]}}